{"id":311,"date":"2024-04-29T11:11:44","date_gmt":"2024-04-29T15:11:44","guid":{"rendered":"http:\/\/localhost\/Module3\/Voyage_Paradis\/?p=311"},"modified":"2024-05-01T15:23:11","modified_gmt":"2024-05-01T19:23:11","slug":"voyager-au-maroc-a-la-decouverte-des-jardins-marocains","status":"publish","type":"post","link":"https:\/\/1995251.cpsw-fcsei.com\/Voyage_Paradis\/voyager-au-maroc-a-la-decouverte-des-jardins-marocains\/","title":{"rendered":"Voyager au Maroc: \u00c0 la d\u00e9couverte des jardins marocains"},"content":{"rendered":"\n<div class=\"wp-block-group alignfull has-accent-2-background-color has-background has-global-padding is-layout-constrained wp-container-core-group-is-layout-669513ed wp-block-group-is-layout-constrained\" style=\"margin-top:0;margin-bottom:0;padding-top:var(--wp--preset--spacing--50);padding-right:var(--wp--preset--spacing--50);padding-bottom:var(--wp--preset--spacing--50);padding-left:var(--wp--preset--spacing--50)\">\n<div class=\"wp-block-columns alignwide is-layout-flex wp-container-core-columns-is-layout-28f84493 wp-block-columns-is-layout-flex\">\n<div class=\"wp-block-column is-layout-flow wp-block-column-is-layout-flow\" style=\"flex-basis:40%\">\n<p class=\"wp-container-content-0733e5d0\"><\/p>\n<\/div>\n\n\n\n<div class=\"wp-block-column is-layout-flow wp-block-column-is-layout-flow\" style=\"flex-basis:60%\">\n<h2 class=\"wp-block-heading has-libre-caslon-text-font-family has-large-font-size\">Le Maroc et ses jardins hauts en couleur.<\/h2>\n<\/div>\n<\/div>\n\n\n\n<div style=\"height:var(--wp--preset--spacing--40)\" aria-hidden=\"true\" class=\"wp-block-spacer\"><\/div>\n\n\n\n<figure class=\"wp-block-image alignwide size-full has-custom-border is-style-rounded is-style-rounded--1\"><img loading=\"lazy\" decoding=\"async\" width=\"1000\" height=\"500\" src=\"https:\/\/1995251.cpsw-fcsei.com\/Voyage_Paradis\/wp-content\/uploads\/2024\/04\/Gardens-of-Marrakech-Morocco.png\" alt=\"\" class=\"wp-image-320\" style=\"border-style:none;border-width:0px\" srcset=\"https:\/\/1995251.cpsw-fcsei.com\/Voyage_Paradis\/wp-content\/uploads\/2024\/04\/Gardens-of-Marrakech-Morocco.png 1000w, https:\/\/1995251.cpsw-fcsei.com\/Voyage_Paradis\/wp-content\/uploads\/2024\/04\/Gardens-of-Marrakech-Morocco-300x150.png 300w, https:\/\/1995251.cpsw-fcsei.com\/Voyage_Paradis\/wp-content\/uploads\/2024\/04\/Gardens-of-Marrakech-Morocco-768x384.png 768w\" sizes=\"auto, (max-width: 1000px) 100vw, 1000px\" \/><\/figure>\n<\/div>\n\n\n\n<div class=\"wp-block-group alignfull has-base-background-color has-background has-global-padding is-layout-constrained wp-container-core-group-is-layout-d89aad35 wp-block-group-is-layout-constrained\" style=\"margin-top:0;margin-bottom:0;padding-top:var(--wp--preset--spacing--50);padding-right:var(--wp--preset--spacing--50);padding-bottom:var(--wp--preset--spacing--50);padding-left:var(--wp--preset--spacing--50)\">\n<div class=\"wp-block-columns alignwide is-layout-flex wp-container-core-columns-is-layout-549b0c86 wp-block-columns-is-layout-flex\">\n<div class=\"wp-block-column has-global-padding is-content-justification-left is-layout-constrained wp-container-core-column-is-layout-4f15e8fe wp-block-column-is-layout-constrained\" style=\"flex-basis:40%\">\n<p class=\"has-oxanium-font-family\"><strong>Le maroc et ses beaut\u00e9s<\/strong>.<\/p>\n<\/div>\n\n\n\n<div class=\"wp-block-column is-layout-flow wp-container-core-column-is-layout-119bc444 wp-block-column-is-layout-flow\" style=\"flex-basis:60%\">\n<h3 class=\"wp-block-heading has-libre-caslon-text-font-family has-large-font-size\">Les jardins exotiques de Rabat<\/h3>\n\n\n\n<div class=\"wp-block-columns is-layout-flex wp-container-core-columns-is-layout-87beb0d0 wp-block-columns-is-layout-flex\">\n<div class=\"wp-block-column is-layout-flow wp-block-column-is-layout-flow\">\n<p class=\"has-oxanium-font-family wp-container-content-9cfa9a5a\">Pour une reconnexion \u00e0 la nature, pour une escapade loin des centres villes agit\u00e9s et pour une \u00e2me apais\u00e9e, rendez-vous aux jardins exotiques de Bouknadel. \u00c0 vingt kilom\u00e8tres de la ville de Rabat, tous vos sens seront en \u00e9veil. La nature vous emm\u00e8nera dans un voyage contemplatif o\u00f9 le bien-\u00eatre s\u2019emparera de votre esprit pour enfin le d\u00e9livrer \u00e0 la beaut\u00e9 brute de la nature.<\/p>\n<\/div>\n\n\n\n<div class=\"wp-block-column is-layout-flow wp-block-column-is-layout-flow\">\n<p class=\"has-oxanium-font-family\">C\u2019est une id\u00e9e ing\u00e9nieuse qui retrace les aspects des jungles et des for\u00eats exotiques, fissur\u00e9es par des ruisseaux d\u2019eau et agenc\u00e9es de plusieurs all\u00e9es en forme de labyrinthe. Un jardin, un voyage, un raffinement de l\u2019esprit : on ne peut que se dissocier du moment pr\u00e9sent et se livrer \u00e0 l\u2019admiration de la v\u00e9g\u00e9tation qui d\u00e9core le jardin.<\/p>\n<\/div>\n<\/div>\n<\/div>\n<\/div>\n<\/div>\n\n\n\n<div class=\"wp-block-cover alignfull has-parallax\" style=\"padding-top:var(--wp--preset--spacing--50);padding-right:var(--wp--preset--spacing--50);padding-bottom:var(--wp--preset--spacing--50);padding-left:var(--wp--preset--spacing--50);min-height:100vh;aspect-ratio:unset;\"><span aria-hidden=\"true\" class=\"wp-block-cover__background has-base-background-color has-background-dim-0 has-background-dim\"><\/span><div class=\"wp-block-cover__image-background wp-image-313 has-parallax\" style=\"background-position:50% 50%;background-image:url(https:\/\/1995251.cpsw-fcsei.com\/Voyage_Paradis\/wp-content\/uploads\/2024\/04\/parc-de-la-ligue-arabe.jpg)\"><\/div><div class=\"wp-block-cover__inner-container has-global-padding is-layout-constrained wp-container-core-cover-is-layout-e4fd886c wp-block-cover-is-layout-constrained\">\n<div style=\"height:500px\" aria-hidden=\"true\" class=\"wp-block-spacer\"><\/div>\n<\/div><\/div>\n\n\n\n<div class=\"wp-block-group alignfull has-base-2-background-color has-background has-global-padding is-layout-constrained wp-container-core-group-is-layout-218c8f3f wp-block-group-is-layout-constrained\" style=\"margin-top:0;margin-bottom:0;padding-top:var(--wp--preset--spacing--30);padding-right:var(--wp--preset--spacing--60);padding-bottom:var(--wp--preset--spacing--30);padding-left:var(--wp--preset--spacing--60)\">\n<div class=\"wp-block-group alignwide is-layout-flow wp-block-group-is-layout-flow\">\n<div style=\"height:40px\" aria-hidden=\"true\" class=\"wp-block-spacer\"><\/div>\n\n\n\n<blockquote class=\"wp-block-quote is-style-plain has-oxanium-font-family has-medium-font-size is-layout-flow wp-block-quote-is-layout-flow is-style-plain--2\">\n<p><\/p>\n<cite><strong>Individually, every grain of sand brushing against my hands represents a story, an experience, and a block for me to build upon for the next generation.<\/strong><\/cite><\/blockquote>\n\n\n\n<div style=\"height:40px\" aria-hidden=\"true\" class=\"wp-block-spacer\"><\/div>\n<\/div>\n<\/div>\n\n\n\n<div class=\"wp-block-group alignfull has-base-2-color has-contrast-background-color has-text-color has-background has-link-color wp-elements-1cb699838b351465779741d4b6414243 is-layout-flow wp-block-group-is-layout-flow\" style=\"margin-top:0;margin-bottom:0;padding-top:var(--wp--preset--spacing--50);padding-right:var(--wp--preset--spacing--50);padding-bottom:var(--wp--preset--spacing--50);padding-left:var(--wp--preset--spacing--50)\">\n<div class=\"wp-block-columns alignwide is-layout-flex wp-container-core-columns-is-layout-d1c656ed wp-block-columns-is-layout-flex\">\n<div class=\"wp-block-column is-vertically-aligned-stretch is-layout-flow wp-container-core-column-is-layout-91352dfb wp-block-column-is-layout-flow\" style=\"padding-right:0;flex-basis:50%\">\n<div class=\"wp-block-group is-vertical is-content-justification-stretch is-layout-flex wp-container-core-group-is-layout-ec0a8260 wp-block-group-is-layout-flex\" style=\"min-height:100%\">\n<figure class=\"wp-block-image size-large is-resized is-style-rounded is-style-rounded--3\"><img loading=\"lazy\" decoding=\"async\" width=\"683\" height=\"1024\" src=\"https:\/\/1995251.cpsw-fcsei.com\/Voyage_Paradis\/wp-content\/uploads\/2024\/04\/hamza-nahal-QVmmLaUCOcg-unsplash-683x1024.jpg\" alt=\"\" class=\"wp-image-317\" style=\"aspect-ratio:0.5625;object-fit:cover;width:530px;height:auto\" srcset=\"https:\/\/1995251.cpsw-fcsei.com\/Voyage_Paradis\/wp-content\/uploads\/2024\/04\/hamza-nahal-QVmmLaUCOcg-unsplash-683x1024.jpg 683w, https:\/\/1995251.cpsw-fcsei.com\/Voyage_Paradis\/wp-content\/uploads\/2024\/04\/hamza-nahal-QVmmLaUCOcg-unsplash-200x300.jpg 200w, https:\/\/1995251.cpsw-fcsei.com\/Voyage_Paradis\/wp-content\/uploads\/2024\/04\/hamza-nahal-QVmmLaUCOcg-unsplash-768x1152.jpg 768w, https:\/\/1995251.cpsw-fcsei.com\/Voyage_Paradis\/wp-content\/uploads\/2024\/04\/hamza-nahal-QVmmLaUCOcg-unsplash-1024x1536.jpg 1024w, https:\/\/1995251.cpsw-fcsei.com\/Voyage_Paradis\/wp-content\/uploads\/2024\/04\/hamza-nahal-QVmmLaUCOcg-unsplash-1365x2048.jpg 1365w, https:\/\/1995251.cpsw-fcsei.com\/Voyage_Paradis\/wp-content\/uploads\/2024\/04\/hamza-nahal-QVmmLaUCOcg-unsplash-scaled.jpg 1707w\" sizes=\"auto, (max-width: 683px) 100vw, 683px\" \/><\/figure>\n\n\n\n<h3 class=\"wp-block-heading has-base-2-color has-text-color has-link-color has-libre-caslon-text-font-family has-large-font-size wp-elements-22218d0e1561f87f717fdae4d226a468\">Les jardins exotiques de Rabat<\/h3>\n\n\n\n<p class=\"has-oxanium-font-family has-medium-font-size\">Pour une reconnexion \u00e0 la nature, pour une escapade loin des centres villes agit\u00e9s et pour une \u00e2me apais\u00e9e, rendez-vous aux jardins exotiques de Bouknadel. \u00c0 vingt kilom\u00e8tres de la ville de Rabat, tous vos sens seront en \u00e9veil. La nature vous emm\u00e8nera dans un voyage contemplatif o\u00f9 le bien-\u00eatre s\u2019emparera de votre esprit pour enfin le d\u00e9livrer \u00e0 la beaut\u00e9 brute de la nature.<\/p>\n<\/div>\n<\/div>\n\n\n\n<div class=\"wp-block-column is-layout-flow wp-block-column-is-layout-flow\" style=\"flex-basis:50%\">\n<div class=\"wp-block-group has-global-padding is-layout-constrained wp-block-group-is-layout-constrained\">\n<div class=\"wp-block-group is-layout-flow wp-container-core-group-is-layout-81d5c4b5 wp-block-group-is-layout-flow\">\n<h3 class=\"wp-block-heading has-base-2-color has-text-color has-link-color has-libre-caslon-text-font-family has-large-font-size wp-elements-b6561ad33711333e68fd4bd1e9f1e581\">Les jardins Jnan sbil<\/h3>\n\n\n\n<p class=\"has-oxanium-font-family has-medium-font-size\">Jnan Sbil ou \u00ab Paradis \u00bb, ces jardins sont de v\u00e9ritables morceaux du paradis. Ils repr\u00e9sentent le poumon de la ville de F\u00e8s et le capital vert de cette ville imp\u00e9riale.<\/p>\n\n\n\n<figure class=\"wp-block-image size-large is-resized is-style-rounded is-style-rounded--4\"><img loading=\"lazy\" decoding=\"async\" width=\"1024\" height=\"738\" src=\"https:\/\/1995251.cpsw-fcsei.com\/Voyage_Paradis\/wp-content\/uploads\/2024\/04\/Jnan_sbil_2-1024x738.jpg\" alt=\"\" class=\"wp-image-318\" style=\"aspect-ratio:1.7777777777777777;object-fit:cover;width:586px;height:auto\" srcset=\"https:\/\/1995251.cpsw-fcsei.com\/Voyage_Paradis\/wp-content\/uploads\/2024\/04\/Jnan_sbil_2-1024x738.jpg 1024w, https:\/\/1995251.cpsw-fcsei.com\/Voyage_Paradis\/wp-content\/uploads\/2024\/04\/Jnan_sbil_2-300x216.jpg 300w, https:\/\/1995251.cpsw-fcsei.com\/Voyage_Paradis\/wp-content\/uploads\/2024\/04\/Jnan_sbil_2-768x553.jpg 768w, https:\/\/1995251.cpsw-fcsei.com\/Voyage_Paradis\/wp-content\/uploads\/2024\/04\/Jnan_sbil_2-1536x1107.jpg 1536w, https:\/\/1995251.cpsw-fcsei.com\/Voyage_Paradis\/wp-content\/uploads\/2024\/04\/Jnan_sbil_2.jpg 1928w\" sizes=\"auto, (max-width: 1024px) 100vw, 1024px\" \/><\/figure>\n<\/div>\n\n\n\n<div style=\"height:39px\" aria-hidden=\"true\" class=\"wp-block-spacer\"><\/div>\n\n\n\n<div class=\"wp-block-group is-layout-flow wp-container-core-group-is-layout-81d5c4b5 wp-block-group-is-layout-flow\">\n<h3 class=\"wp-block-heading has-base-2-color has-text-color has-link-color has-libre-caslon-text-font-family has-large-font-size wp-elements-96511312a2c85639c1d859be2710309c\">Le jardin Majorelle<\/h3>\n\n\n\n<p class=\"has-oxanium-font-family has-medium-font-size\">En plein c\u0153ur de la ville ocre, un petit havre de paix chamboule les touristes venus de tous les coins du Monde : un \u00e9crin de verdure et de couleur et une v\u00e9g\u00e9tation luxuriante se dressent de toutes les formes autour des ornements de couleur bleue Majorelle.<\/p>\n\n\n\n<figure class=\"wp-block-image size-full is-resized is-style-rounded is-style-rounded--5\"><img loading=\"lazy\" decoding=\"async\" width=\"972\" height=\"972\" src=\"https:\/\/1995251.cpsw-fcsei.com\/Voyage_Paradis\/wp-content\/uploads\/2024\/04\/le-jardin-majorelle-lP-2105.jpg\" alt=\"\" class=\"wp-image-319\" style=\"aspect-ratio:1.7777777777777777;object-fit:cover;width:596px;height:auto\" srcset=\"https:\/\/1995251.cpsw-fcsei.com\/Voyage_Paradis\/wp-content\/uploads\/2024\/04\/le-jardin-majorelle-lP-2105.jpg 972w, https:\/\/1995251.cpsw-fcsei.com\/Voyage_Paradis\/wp-content\/uploads\/2024\/04\/le-jardin-majorelle-lP-2105-300x300.jpg 300w, https:\/\/1995251.cpsw-fcsei.com\/Voyage_Paradis\/wp-content\/uploads\/2024\/04\/le-jardin-majorelle-lP-2105-150x150.jpg 150w, https:\/\/1995251.cpsw-fcsei.com\/Voyage_Paradis\/wp-content\/uploads\/2024\/04\/le-jardin-majorelle-lP-2105-768x768.jpg 768w\" sizes=\"auto, (max-width: 972px) 100vw, 972px\" \/><\/figure>\n\n\n\n<div style=\"height:5px\" aria-hidden=\"true\" class=\"wp-block-spacer\"><\/div>\n<\/div>\n<\/div>\n<\/div>\n<\/div>\n<\/div>\n<h3>Aujourdhui, on est le 29 April 2026<\/h3>","protected":false},"excerpt":{"rendered":"<p>Le Maroc et ses jardins hauts en couleur. Le maroc et ses beaut\u00e9s. Les jardins exotiques de Rabat Pour une reconnexion \u00e0 la nature, pour une escapade loin des centres villes agit\u00e9s et pour une \u00e2me apais\u00e9e, rendez-vous aux jardins exotiques de Bouknadel. \u00c0 vingt kilom\u00e8tres de la ville de Rabat, tous vos sens seront [&hellip;]<\/p>\n","protected":false},"author":1,"featured_media":322,"comment_status":"open","ping_status":"open","sticky":false,"template":"","format":"standard","meta":{"_acf_changed":false,"footnotes":""},"categories":[7],"tags":[10],"equipement":[],"class_list":["post-311","post","type-post","status-publish","format-standard","has-post-thumbnail","hentry","category-services","tag-afrique"],"acf":[],"_links":{"self":[{"href":"https:\/\/1995251.cpsw-fcsei.com\/Voyage_Paradis\/wp-json\/wp\/v2\/posts\/311","targetHints":{"allow":["GET"]}}],"collection":[{"href":"https:\/\/1995251.cpsw-fcsei.com\/Voyage_Paradis\/wp-json\/wp\/v2\/posts"}],"about":[{"href":"https:\/\/1995251.cpsw-fcsei.com\/Voyage_Paradis\/wp-json\/wp\/v2\/types\/post"}],"author":[{"embeddable":true,"href":"https:\/\/1995251.cpsw-fcsei.com\/Voyage_Paradis\/wp-json\/wp\/v2\/users\/1"}],"replies":[{"embeddable":true,"href":"https:\/\/1995251.cpsw-fcsei.com\/Voyage_Paradis\/wp-json\/wp\/v2\/comments?post=311"}],"version-history":[{"count":7,"href":"https:\/\/1995251.cpsw-fcsei.com\/Voyage_Paradis\/wp-json\/wp\/v2\/posts\/311\/revisions"}],"predecessor-version":[{"id":498,"href":"https:\/\/1995251.cpsw-fcsei.com\/Voyage_Paradis\/wp-json\/wp\/v2\/posts\/311\/revisions\/498"}],"wp:featuredmedia":[{"embeddable":true,"href":"https:\/\/1995251.cpsw-fcsei.com\/Voyage_Paradis\/wp-json\/wp\/v2\/media\/322"}],"wp:attachment":[{"href":"https:\/\/1995251.cpsw-fcsei.com\/Voyage_Paradis\/wp-json\/wp\/v2\/media?parent=311"}],"wp:term":[{"taxonomy":"category","embeddable":true,"href":"https:\/\/1995251.cpsw-fcsei.com\/Voyage_Paradis\/wp-json\/wp\/v2\/categories?post=311"},{"taxonomy":"post_tag","embeddable":true,"href":"https:\/\/1995251.cpsw-fcsei.com\/Voyage_Paradis\/wp-json\/wp\/v2\/tags?post=311"},{"taxonomy":"equipement","embeddable":true,"href":"https:\/\/1995251.cpsw-fcsei.com\/Voyage_Paradis\/wp-json\/wp\/v2\/equipement?post=311"}],"curies":[{"name":"wp","href":"https:\/\/api.w.org\/{rel}","templated":true}]}}