{"id":38,"date":"2024-04-15T10:43:57","date_gmt":"2024-04-15T14:43:57","guid":{"rendered":"http:\/\/localhost\/Module3\/Voyage_Paradis\/?p=38"},"modified":"2024-05-01T15:29:32","modified_gmt":"2024-05-01T19:29:32","slug":"thailande","status":"publish","type":"post","link":"https:\/\/1995251.cpsw-fcsei.com\/Voyage_Paradis\/thailande\/","title":{"rendered":"Rio de Janeiro: les meilleures choses \u00e0 voir et \u00e0 faire"},"content":{"rendered":"\n<div class=\"wp-block-group alignfull has-accent-2-background-color has-background has-global-padding is-layout-constrained wp-container-core-group-is-layout-669513ed wp-block-group-is-layout-constrained\" style=\"margin-top:0;margin-bottom:0;padding-top:var(--wp--preset--spacing--50);padding-right:var(--wp--preset--spacing--50);padding-bottom:var(--wp--preset--spacing--50);padding-left:var(--wp--preset--spacing--50)\">\n<div class=\"wp-block-columns alignwide is-layout-flex wp-container-core-columns-is-layout-28f84493 wp-block-columns-is-layout-flex\">\n<div class=\"wp-block-column is-layout-flow wp-block-column-is-layout-flow\" style=\"flex-basis:40%\">\n<p class=\"has-oxanium-font-family wp-container-content-0733e5d0\"><strong>Rio de Janeiro\u2014 Survol<\/strong><\/p>\n<\/div>\n\n\n\n<div class=\"wp-block-column is-layout-flow wp-block-column-is-layout-flow\" style=\"flex-basis:60%\">\n<h2 class=\"wp-block-heading is-style-default has-libre-caslon-text-font-family has-large-font-size\">En mettant pied \u00e0 Rio, on sent la temp\u00e9rature sanguine mont\u00e9e, la sensation du vent sur le visage, l&#8217;eau sur la peau, le go\u00fbt de la nourriture, la musique; Les Br\u00e9siliens savent s&#8217;amuser.<\/h2>\n<\/div>\n<\/div>\n\n\n\n<div style=\"height:var(--wp--preset--spacing--40)\" aria-hidden=\"true\" class=\"wp-block-spacer\"><\/div>\n\n\n\n<figure class=\"wp-block-image alignwide size-full has-custom-border is-style-rounded is-style-rounded--1\"><img loading=\"lazy\" decoding=\"async\" width=\"1280\" height=\"720\" src=\"https:\/\/1995251.cpsw-fcsei.com\/Voyage_Paradis\/wp-content\/uploads\/2024\/04\/people-parading-rio-carnaval-2023-unidos-da-tijuca-alexandre-macieira.jpg\" alt=\"\" class=\"wp-image-341\" style=\"border-style:none;border-width:0px\" srcset=\"https:\/\/1995251.cpsw-fcsei.com\/Voyage_Paradis\/wp-content\/uploads\/2024\/04\/people-parading-rio-carnaval-2023-unidos-da-tijuca-alexandre-macieira.jpg 1280w, https:\/\/1995251.cpsw-fcsei.com\/Voyage_Paradis\/wp-content\/uploads\/2024\/04\/people-parading-rio-carnaval-2023-unidos-da-tijuca-alexandre-macieira-300x169.jpg 300w, https:\/\/1995251.cpsw-fcsei.com\/Voyage_Paradis\/wp-content\/uploads\/2024\/04\/people-parading-rio-carnaval-2023-unidos-da-tijuca-alexandre-macieira-1024x576.jpg 1024w, https:\/\/1995251.cpsw-fcsei.com\/Voyage_Paradis\/wp-content\/uploads\/2024\/04\/people-parading-rio-carnaval-2023-unidos-da-tijuca-alexandre-macieira-768x432.jpg 768w\" sizes=\"auto, (max-width: 1280px) 100vw, 1280px\" \/><\/figure>\n<\/div>\n\n\n\n<div class=\"wp-block-group alignfull has-base-background-color has-background has-global-padding is-layout-constrained wp-container-core-group-is-layout-d89aad35 wp-block-group-is-layout-constrained\" style=\"margin-top:0;margin-bottom:0;padding-top:var(--wp--preset--spacing--50);padding-right:var(--wp--preset--spacing--50);padding-bottom:var(--wp--preset--spacing--50);padding-left:var(--wp--preset--spacing--50)\">\n<div class=\"wp-block-columns alignwide is-layout-flex wp-container-core-columns-is-layout-549b0c86 wp-block-columns-is-layout-flex\">\n<div class=\"wp-block-column has-global-padding is-content-justification-left is-layout-constrained wp-container-core-column-is-layout-4f15e8fe wp-block-column-is-layout-constrained\" style=\"flex-basis:40%\">\n<p class=\"has-oxanium-font-family\"><strong>Le carnaval de Rio reste l&#8217;une des activit\u00e9s les plus attendus et color\u00e9s.<\/strong><\/p>\n<\/div>\n\n\n\n<div class=\"wp-block-column is-layout-flow wp-container-core-column-is-layout-119bc444 wp-block-column-is-layout-flow\" style=\"flex-basis:60%\">\n<h2 class=\"wp-block-heading has-libre-caslon-text-font-family has-large-font-size\">Le carnaval de Rio est le meilleur spectacle sur Terre et le plus grand \u00e9v\u00e8nement du calendrier Br\u00e9silien.<\/h2>\n\n\n\n<div class=\"wp-block-columns is-layout-flex wp-container-core-columns-is-layout-87beb0d0 wp-block-columns-is-layout-flex\">\n<div class=\"wp-block-column is-layout-flow wp-block-column-is-layout-flow\">\n<p class=\"has-oxanium-font-family wp-container-content-9cfa9a5a\">C&#8217;est la principale f\u00eate au Br\u00e9sil qui a gagn\u00e9 la distinction d&#8217;\u00eatre \u00ab Le plus grand spectacle du monde \u00bb. Le Carnaval de Rio commence du vendredi jusqu&#8217;au mardi, soit juste un jour avant le mercredi des Cendres, une tradition catholique importante qui marque le d\u00e9but du Car\u00eame.&nbsp;<\/p>\n<\/div>\n\n\n\n<div class=\"wp-block-column is-layout-flow wp-block-column-is-layout-flow\">\n<p class=\"has-oxanium-font-family\">Le caract\u00e8re exotique et la sensualit\u00e9 de la samba n&#8217;est mis en valeur que par les costumes flashy des participants. Mais ces costumes ne sont pas choisis pour des raisons esth\u00e9tiques mais font plut\u00f4t partie de l\u2019histoire.<\/p>\n<\/div>\n<\/div>\n<\/div>\n<\/div>\n<\/div>\n\n\n\n<div class=\"wp-block-cover alignfull is-light has-parallax has-aspect-ratio\" style=\"margin-top:0;margin-bottom:0;padding-top:var(--wp--preset--spacing--50);padding-right:var(--wp--preset--spacing--50);padding-bottom:var(--wp--preset--spacing--50);padding-left:var(--wp--preset--spacing--50);min-height:100vh;aspect-ratio:auto;min-height:unset;\"><span aria-hidden=\"true\" class=\"wp-block-cover__background has-base-background-color has-background-dim-0 has-background-dim\"><\/span><div class=\"wp-block-cover__image-background wp-image-333 has-parallax\" style=\"background-position:50% 50%;background-image:url(https:\/\/1995251.cpsw-fcsei.com\/Voyage_Paradis\/wp-content\/uploads\/2024\/04\/quelle-est-lhistoire-de-la-statue-du-christ-redempteur-de-rio.jpg)\"><\/div><div class=\"wp-block-cover__inner-container has-global-padding is-layout-constrained wp-container-core-cover-is-layout-f42a64da wp-block-cover-is-layout-constrained\">\n<div style=\"height:500px\" aria-hidden=\"true\" class=\"wp-block-spacer\"><\/div>\n<\/div><\/div>\n\n\n\n<div class=\"wp-block-group alignfull has-base-2-background-color has-background has-global-padding is-layout-constrained wp-container-core-group-is-layout-218c8f3f wp-block-group-is-layout-constrained\" style=\"margin-top:0;margin-bottom:0;padding-top:var(--wp--preset--spacing--30);padding-right:var(--wp--preset--spacing--60);padding-bottom:var(--wp--preset--spacing--30);padding-left:var(--wp--preset--spacing--60)\">\n<div class=\"wp-block-group alignwide is-layout-flow wp-block-group-is-layout-flow\">\n<div style=\"height:40px\" aria-hidden=\"true\" class=\"wp-block-spacer\"><\/div>\n\n\n\n<blockquote class=\"wp-block-quote has-text-align-left is-style-plain has-libre-caslon-text-font-family is-layout-flow wp-container-core-quote-is-layout-8a368f38 wp-block-quote-is-layout-flow is-style-plain--2\" style=\"font-size:clamp(3.652rem, 3.652rem + ((1vw - 0.2rem) * 6.58), 7.6rem);\">\n<p><\/p>\n<cite><strong>La magie de Rio de janeiro ne provient pas seulement de la splendeur de ses plages ou ses rep\u00e8res iconiques. C&#8217;est dans la fa\u00e7on que \u00e7a nous fait sentir vivant et appr\u00e9ci\u00e9 d&#8217;\u00eatre ici.<\/strong><\/cite><\/blockquote>\n\n\n\n<div style=\"height:40px\" aria-hidden=\"true\" class=\"wp-block-spacer\"><\/div>\n<\/div>\n<\/div>\n\n\n\n<div class=\"wp-block-group alignfull has-base-2-color has-contrast-background-color has-text-color has-background has-link-color wp-elements-cf0b27c106ce7cb1a7cab0323cf8e551 is-layout-flow wp-block-group-is-layout-flow\" style=\"margin-top:0;margin-bottom:0;padding-top:var(--wp--preset--spacing--50);padding-right:var(--wp--preset--spacing--50);padding-bottom:var(--wp--preset--spacing--50);padding-left:var(--wp--preset--spacing--50)\">\n<div class=\"wp-block-columns alignwide is-layout-flex wp-container-core-columns-is-layout-d1c656ed wp-block-columns-is-layout-flex\">\n<div class=\"wp-block-column is-vertically-aligned-stretch is-layout-flow wp-container-core-column-is-layout-929da708 wp-block-column-is-layout-flow\" style=\"padding-right:0;flex-basis:50%\">\n<div class=\"wp-block-group is-vertical is-content-justification-stretch is-layout-flex wp-container-core-group-is-layout-ec0a8260 wp-block-group-is-layout-flex\" style=\"min-height:0%\">\n<figure class=\"wp-block-image size-full is-resized is-style-rounded is-style-rounded--3\"><img loading=\"lazy\" decoding=\"async\" width=\"1440\" height=\"2560\" src=\"https:\/\/1995251.cpsw-fcsei.com\/Voyage_Paradis\/wp-content\/uploads\/2024\/04\/effie-kimble-aMBnG1e9kiE-unsplash-scaled.jpg\" alt=\"\" class=\"wp-image-339\" style=\"aspect-ratio:0.5625;object-fit:cover;width:530px;height:auto\" srcset=\"https:\/\/1995251.cpsw-fcsei.com\/Voyage_Paradis\/wp-content\/uploads\/2024\/04\/effie-kimble-aMBnG1e9kiE-unsplash-scaled.jpg 1440w, https:\/\/1995251.cpsw-fcsei.com\/Voyage_Paradis\/wp-content\/uploads\/2024\/04\/effie-kimble-aMBnG1e9kiE-unsplash-169x300.jpg 169w, https:\/\/1995251.cpsw-fcsei.com\/Voyage_Paradis\/wp-content\/uploads\/2024\/04\/effie-kimble-aMBnG1e9kiE-unsplash-576x1024.jpg 576w, https:\/\/1995251.cpsw-fcsei.com\/Voyage_Paradis\/wp-content\/uploads\/2024\/04\/effie-kimble-aMBnG1e9kiE-unsplash-768x1365.jpg 768w, https:\/\/1995251.cpsw-fcsei.com\/Voyage_Paradis\/wp-content\/uploads\/2024\/04\/effie-kimble-aMBnG1e9kiE-unsplash-864x1536.jpg 864w, https:\/\/1995251.cpsw-fcsei.com\/Voyage_Paradis\/wp-content\/uploads\/2024\/04\/effie-kimble-aMBnG1e9kiE-unsplash-1152x2048.jpg 1152w\" sizes=\"auto, (max-width: 1440px) 100vw, 1440px\" \/><\/figure>\n\n\n\n<h3 class=\"wp-block-heading has-base-2-color has-text-color has-link-color has-libre-caslon-text-font-family wp-elements-99c75a22ba6dfbb5f4a3e9c5fa37da0f\">Statue du Christ R\u00e9dempteur<\/h3>\n\n\n\n<p class=\"has-oxanium-font-family has-medium-font-size\"><br>La statue du Christ R\u00e9dempteur, situ\u00e9e au sommet du Corcovado \u00e0 Rio de Janeiro, Br\u00e9sil, est une ic\u00f4ne embl\u00e9matique du pays et du christianisme dans le monde entier. Les bras ouverts, symbolisant l&#8217;accueil et la protection divins pour tous ceux qui viennent \u00e0 lui<\/p>\n<\/div>\n<\/div>\n\n\n\n<div class=\"wp-block-column is-layout-flow wp-container-core-column-is-layout-8a368f38 wp-block-column-is-layout-flow\" style=\"flex-basis:50%\">\n<div class=\"wp-block-group has-global-padding is-layout-constrained wp-block-group-is-layout-constrained\">\n<div class=\"wp-block-group is-layout-flow wp-container-core-group-is-layout-81d5c4b5 wp-block-group-is-layout-flow\">\n<h3 class=\"wp-block-heading has-base-2-color has-text-color has-link-color has-libre-caslon-text-font-family has-large-font-size wp-elements-f352c1196f84c48c491b125fac50055b\">Pain de Sucre<\/h3>\n\n\n\n<p class=\"has-oxanium-font-family has-medium-font-size\">La montagne est l&#8217;une des nombreuses montagnes monolithiques de granit et de quartz qui s&#8217;\u00e9l\u00e8vent directement du bord de l&#8217;eau autour de Rio de Janeiro. Les deux t\u00e9l\u00e9ph\u00e9riques offrent une vue tr\u00e8s panoramique sur Rio.<\/p>\n\n\n\n<figure class=\"wp-block-image size-large is-resized is-style-rounded is-style-rounded--4\"><img loading=\"lazy\" decoding=\"async\" width=\"1024\" height=\"705\" src=\"https:\/\/1995251.cpsw-fcsei.com\/Voyage_Paradis\/wp-content\/uploads\/2024\/04\/paindesucrepaodeacucarrio1-1024x705.jpg\" alt=\"\" class=\"wp-image-338\" style=\"aspect-ratio:1.7777777777777777;object-fit:cover;width:621px;height:auto\" srcset=\"https:\/\/1995251.cpsw-fcsei.com\/Voyage_Paradis\/wp-content\/uploads\/2024\/04\/paindesucrepaodeacucarrio1-1024x705.jpg 1024w, https:\/\/1995251.cpsw-fcsei.com\/Voyage_Paradis\/wp-content\/uploads\/2024\/04\/paindesucrepaodeacucarrio1-300x207.jpg 300w, https:\/\/1995251.cpsw-fcsei.com\/Voyage_Paradis\/wp-content\/uploads\/2024\/04\/paindesucrepaodeacucarrio1-768x529.jpg 768w, https:\/\/1995251.cpsw-fcsei.com\/Voyage_Paradis\/wp-content\/uploads\/2024\/04\/paindesucrepaodeacucarrio1.jpg 1200w\" sizes=\"auto, (max-width: 1024px) 100vw, 1024px\" \/><\/figure>\n<\/div>\n\n\n\n<div style=\"height:39px\" aria-hidden=\"true\" class=\"wp-block-spacer\"><\/div>\n\n\n\n<div class=\"wp-block-group is-layout-flow wp-container-core-group-is-layout-81d5c4b5 wp-block-group-is-layout-flow\">\n<h3 class=\"wp-block-heading has-base-2-color has-text-color has-link-color has-libre-caslon-text-font-family has-large-font-size wp-elements-dfc0a7778a2cabaa3341ce08203d7c7b\">Ipanema Beach<\/h3>\n\n\n\n<p class=\"has-oxanium-font-family has-medium-font-size\">Rendue c\u00e9l\u00e8bre par la c\u00e9l\u00e8bre chanson de bossa nova, &#8220;La Fille d&#8217;Ipanema&#8221;, cette&nbsp;<a href=\"https:\/\/travel.usnews.com\/features\/top-brazil-beaches\" target=\"_blank\" rel=\"noreferrer noopener\">plage<\/a>&nbsp;attire les touristes depuis des d\u00e9cennies. L&#8217;\u00e9tendue de sable de 1,5 mile offre une vue magnifique sur les montagnes, de m<\/p>\n\n\n\n<figure class=\"wp-block-image size-full is-resized is-style-rounded is-style-rounded--5\"><img loading=\"lazy\" decoding=\"async\" width=\"810\" height=\"531\" src=\"https:\/\/1995251.cpsw-fcsei.com\/Voyage_Paradis\/wp-content\/uploads\/2024\/04\/ipanema.jpg\" alt=\"\" class=\"wp-image-340\" style=\"aspect-ratio:1.7777777777777777;object-fit:cover;width:619px;height:auto\" srcset=\"https:\/\/1995251.cpsw-fcsei.com\/Voyage_Paradis\/wp-content\/uploads\/2024\/04\/ipanema.jpg 810w, https:\/\/1995251.cpsw-fcsei.com\/Voyage_Paradis\/wp-content\/uploads\/2024\/04\/ipanema-300x197.jpg 300w, https:\/\/1995251.cpsw-fcsei.com\/Voyage_Paradis\/wp-content\/uploads\/2024\/04\/ipanema-768x503.jpg 768w\" sizes=\"auto, (max-width: 810px) 100vw, 810px\" \/><\/figure>\n\n\n\n<div style=\"height:5px\" aria-hidden=\"true\" class=\"wp-block-spacer\"><\/div>\n<\/div>\n<\/div>\n<\/div>\n<\/div>\n<\/div>\n<h3>Aujourdhui, on est le 29 April 2026<\/h3>","protected":false},"excerpt":{"rendered":"<p>Rio de Janeiro\u2014 Survol En mettant pied \u00e0 Rio, on sent la temp\u00e9rature sanguine mont\u00e9e, la sensation du vent sur le visage, l&#8217;eau sur la peau, le go\u00fbt de la nourriture, la musique; Les Br\u00e9siliens savent s&#8217;amuser. Le carnaval de Rio reste l&#8217;une des activit\u00e9s les plus attendus et color\u00e9s. Le carnaval de Rio est [&hellip;]<\/p>\n","protected":false},"author":4,"featured_media":333,"comment_status":"open","ping_status":"open","sticky":false,"template":"","format":"standard","meta":{"_acf_changed":false,"footnotes":""},"categories":[8],"tags":[13],"equipement":[],"class_list":["post-38","post","type-post","status-publish","format-standard","has-post-thumbnail","hentry","category-services-vedettes","tag-amerique-du-sud"],"acf":[],"_links":{"self":[{"href":"https:\/\/1995251.cpsw-fcsei.com\/Voyage_Paradis\/wp-json\/wp\/v2\/posts\/38","targetHints":{"allow":["GET"]}}],"collection":[{"href":"https:\/\/1995251.cpsw-fcsei.com\/Voyage_Paradis\/wp-json\/wp\/v2\/posts"}],"about":[{"href":"https:\/\/1995251.cpsw-fcsei.com\/Voyage_Paradis\/wp-json\/wp\/v2\/types\/post"}],"author":[{"embeddable":true,"href":"https:\/\/1995251.cpsw-fcsei.com\/Voyage_Paradis\/wp-json\/wp\/v2\/users\/4"}],"replies":[{"embeddable":true,"href":"https:\/\/1995251.cpsw-fcsei.com\/Voyage_Paradis\/wp-json\/wp\/v2\/comments?post=38"}],"version-history":[{"count":18,"href":"https:\/\/1995251.cpsw-fcsei.com\/Voyage_Paradis\/wp-json\/wp\/v2\/posts\/38\/revisions"}],"predecessor-version":[{"id":499,"href":"https:\/\/1995251.cpsw-fcsei.com\/Voyage_Paradis\/wp-json\/wp\/v2\/posts\/38\/revisions\/499"}],"wp:featuredmedia":[{"embeddable":true,"href":"https:\/\/1995251.cpsw-fcsei.com\/Voyage_Paradis\/wp-json\/wp\/v2\/media\/333"}],"wp:attachment":[{"href":"https:\/\/1995251.cpsw-fcsei.com\/Voyage_Paradis\/wp-json\/wp\/v2\/media?parent=38"}],"wp:term":[{"taxonomy":"category","embeddable":true,"href":"https:\/\/1995251.cpsw-fcsei.com\/Voyage_Paradis\/wp-json\/wp\/v2\/categories?post=38"},{"taxonomy":"post_tag","embeddable":true,"href":"https:\/\/1995251.cpsw-fcsei.com\/Voyage_Paradis\/wp-json\/wp\/v2\/tags?post=38"},{"taxonomy":"equipement","embeddable":true,"href":"https:\/\/1995251.cpsw-fcsei.com\/Voyage_Paradis\/wp-json\/wp\/v2\/equipement?post=38"}],"curies":[{"name":"wp","href":"https:\/\/api.w.org\/{rel}","templated":true}]}}